{"id":2041,"date":"2024-05-31T14:18:10","date_gmt":"2024-05-31T12:18:10","guid":{"rendered":"https:\/\/www.fdd-cf.com\/?p=2041"},"modified":"2024-05-31T14:26:02","modified_gmt":"2024-05-31T12:26:02","slug":"launch-of-artist-maya-ines-touams-residency-in-senegal","status":"publish","type":"post","link":"https:\/\/www.fdd-cf.com\/en\/launch-of-artist-maya-ines-touams-residency-in-senegal\/","title":{"rendered":"Launch of artist Maya In\u00e8s Touam&#8217;s residency in Senegal"},"content":{"rendered":"<div class=\"bg-white\"><div class=\"container py-8 pb-16 default-paragraph\">\n<p>The Compagnie Fruiti\u00e8re Foundation is supporting a new artist residency project.<\/p>\n<\/div><\/div>\n\n<div class=\"bg-white\"><div class=\"container py-8 pb-16 default-paragraph\">\n<p>In 2024, photographer Maya In\u00e8s Touam will travel twice from Paris to Saint Louis where Compagnie Fruiti\u00e8re operates Grands Domaines du S\u00e9n\u00e9gal.<\/p>\n<\/div><\/div>\n\n<div class=\"bg-white\"><div class=\"container py-8 pb-16 default-paragraph\">\n<p>This production residency is managed by the Marseille-based association Versant Sud.<\/p>\n<\/div><\/div>","protected":false},"excerpt":{"rendered":"<p>The Compagnie Fruiti\u00e8re Foundation is supporting a new artist residency project. In 2024, photographer Maya In\u00e8s Touam will travel twice from Paris to Saint Louis where Compagnie Fruiti\u00e8re operates Grands Domaines du S\u00e9n\u00e9gal. This production residency is managed by the Marseille-based association Versant Sud.<\/p>\n","protected":false},"author":4,"featured_media":2037,"comment_status":"closed","ping_status":"closed","sticky":false,"template":"","format":"standard","meta":{"_acf_changed":false,"inline_featured_image":false,"footnotes":""},"categories":[11],"tags":[],"class_list":["post-2041","post","type-post","status-publish","format-standard","has-post-thumbnail","hentry","category-uncategorized"],"acf":[],"yoast_head":"<!-- This site is optimized with the Yoast SEO plugin v27.5 - https:\/\/yoast.com\/product\/yoast-seo-wordpress\/ -->\n<title>Launch of artist Maya In\u00e8s Touam&#039;s residency in Senegal - Fonds de dotation Compagnie Fruiti\u00e8re<\/title>\n<meta name=\"robots\" content=\"index, follow, max-snippet:-1, max-image-preview:large, max-video-preview:-1\" \/>\n<link rel=\"canonical\" href=\"https:\/\/www.fdd-cf.com\/lancement-de-la-residence-de-lartiste-maya-ines-touam-au-senegal\/\" \/>\n<meta property=\"og:locale\" content=\"en_US\" \/>\n<meta property=\"og:type\" content=\"article\" \/>\n<meta property=\"og:title\" content=\"Launch of artist Maya In\u00e8s Touam&#039;s residency in Senegal - Fonds de dotation Compagnie Fruiti\u00e8re\" \/>\n<meta property=\"og:description\" content=\"The Compagnie Fruiti\u00e8re Foundation is supporting a new artist residency project. In 2024, photographer Maya In\u00e8s Touam will travel twice from Paris to Saint Louis where Compagnie Fruiti\u00e8re operates Grands Domaines du S\u00e9n\u00e9gal. This production residency is managed by the Marseille-based association Versant Sud.\" \/>\n<meta property=\"og:url\" content=\"https:\/\/www.fdd-cf.com\/lancement-de-la-residence-de-lartiste-maya-ines-touam-au-senegal\/\" \/>\n<meta property=\"og:site_name\" content=\"Fonds de dotation Compagnie Fruiti\u00e8re\" \/>\n<meta property=\"article:published_time\" content=\"2024-05-31T12:18:10+00:00\" \/>\n<meta property=\"article:modified_time\" content=\"2024-05-31T12:26:02+00:00\" \/>\n<meta property=\"og:image\" content=\"https:\/\/www.fdd-cf.com\/wp-content\/uploads\/2024\/05\/MAYA_TOUAM_Residence_Jardin_Rouge.jpg\" \/>\n\t<meta property=\"og:image:width\" content=\"1000\" \/>\n\t<meta property=\"og:image:height\" content=\"667\" \/>\n\t<meta property=\"og:image:type\" content=\"image\/jpeg\" \/>\n<meta name=\"author\" content=\"root_EXOCOD\" \/>\n<meta name=\"twitter:card\" content=\"summary_large_image\" \/>\n<meta name=\"twitter:label1\" content=\"Written by\" \/>\n\t<meta name=\"twitter:data1\" content=\"root_EXOCOD\" \/>\n\t<meta name=\"twitter:label2\" content=\"Est. reading time\" \/>\n\t<meta name=\"twitter:data2\" content=\"1 minute\" \/>\n<script type=\"application\/ld+json\" class=\"yoast-schema-graph\">{\"@context\":\"https:\\\/\\\/schema.org\",\"@graph\":[{\"@type\":\"Article\",\"@id\":\"https:\\\/\\\/www.fdd-cf.com\\\/lancement-de-la-residence-de-lartiste-maya-ines-touam-au-senegal\\\/#article\",\"isPartOf\":{\"@id\":\"https:\\\/\\\/www.fdd-cf.com\\\/lancement-de-la-residence-de-lartiste-maya-ines-touam-au-senegal\\\/\"},\"author\":{\"name\":\"root_EXOCOD\",\"@id\":\"https:\\\/\\\/www.fdd-cf.com\\\/#\\\/schema\\\/person\\\/625b83edcf39371179e6898be006ce74\"},\"headline\":\"Launch of artist Maya In\u00e8s Touam&#8217;s residency in Senegal\",\"datePublished\":\"2024-05-31T12:18:10+00:00\",\"dateModified\":\"2024-05-31T12:26:02+00:00\",\"mainEntityOfPage\":{\"@id\":\"https:\\\/\\\/www.fdd-cf.com\\\/lancement-de-la-residence-de-lartiste-maya-ines-touam-au-senegal\\\/\"},\"wordCount\":59,\"publisher\":{\"@id\":\"https:\\\/\\\/www.fdd-cf.com\\\/#organization\"},\"image\":{\"@id\":\"https:\\\/\\\/www.fdd-cf.com\\\/lancement-de-la-residence-de-lartiste-maya-ines-touam-au-senegal\\\/#primaryimage\"},\"thumbnailUrl\":\"https:\\\/\\\/www.fdd-cf.com\\\/wp-content\\\/uploads\\\/2024\\\/05\\\/MAYA_TOUAM_Residence_Jardin_Rouge.jpg\",\"inLanguage\":\"en-US\"},{\"@type\":\"WebPage\",\"@id\":\"https:\\\/\\\/www.fdd-cf.com\\\/lancement-de-la-residence-de-lartiste-maya-ines-touam-au-senegal\\\/\",\"url\":\"https:\\\/\\\/www.fdd-cf.com\\\/lancement-de-la-residence-de-lartiste-maya-ines-touam-au-senegal\\\/\",\"name\":\"Launch of artist Maya In\u00e8s Touam's residency in Senegal - Fonds de dotation Compagnie Fruiti\u00e8re\",\"isPartOf\":{\"@id\":\"https:\\\/\\\/www.fdd-cf.com\\\/#website\"},\"primaryImageOfPage\":{\"@id\":\"https:\\\/\\\/www.fdd-cf.com\\\/lancement-de-la-residence-de-lartiste-maya-ines-touam-au-senegal\\\/#primaryimage\"},\"image\":{\"@id\":\"https:\\\/\\\/www.fdd-cf.com\\\/lancement-de-la-residence-de-lartiste-maya-ines-touam-au-senegal\\\/#primaryimage\"},\"thumbnailUrl\":\"https:\\\/\\\/www.fdd-cf.com\\\/wp-content\\\/uploads\\\/2024\\\/05\\\/MAYA_TOUAM_Residence_Jardin_Rouge.jpg\",\"datePublished\":\"2024-05-31T12:18:10+00:00\",\"dateModified\":\"2024-05-31T12:26:02+00:00\",\"breadcrumb\":{\"@id\":\"https:\\\/\\\/www.fdd-cf.com\\\/lancement-de-la-residence-de-lartiste-maya-ines-touam-au-senegal\\\/#breadcrumb\"},\"inLanguage\":\"en-US\",\"potentialAction\":[{\"@type\":\"ReadAction\",\"target\":[\"https:\\\/\\\/www.fdd-cf.com\\\/lancement-de-la-residence-de-lartiste-maya-ines-touam-au-senegal\\\/\"]}]},{\"@type\":\"ImageObject\",\"inLanguage\":\"en-US\",\"@id\":\"https:\\\/\\\/www.fdd-cf.com\\\/lancement-de-la-residence-de-lartiste-maya-ines-touam-au-senegal\\\/#primaryimage\",\"url\":\"https:\\\/\\\/www.fdd-cf.com\\\/wp-content\\\/uploads\\\/2024\\\/05\\\/MAYA_TOUAM_Residence_Jardin_Rouge.jpg\",\"contentUrl\":\"https:\\\/\\\/www.fdd-cf.com\\\/wp-content\\\/uploads\\\/2024\\\/05\\\/MAYA_TOUAM_Residence_Jardin_Rouge.jpg\",\"width\":1000,\"height\":667},{\"@type\":\"BreadcrumbList\",\"@id\":\"https:\\\/\\\/www.fdd-cf.com\\\/lancement-de-la-residence-de-lartiste-maya-ines-touam-au-senegal\\\/#breadcrumb\",\"itemListElement\":[{\"@type\":\"ListItem\",\"position\":1,\"name\":\"Accueil\",\"item\":\"https:\\\/\\\/www.fdd-cf.com\\\/en\\\/\"},{\"@type\":\"ListItem\",\"position\":2,\"name\":\"Launch of artist Maya In\u00e8s Touam&rsquo;s residency in Senegal\"}]},{\"@type\":\"WebSite\",\"@id\":\"https:\\\/\\\/www.fdd-cf.com\\\/#website\",\"url\":\"https:\\\/\\\/www.fdd-cf.com\\\/\",\"name\":\"Fonds de dotation Compagnie Fruiti\u00e8re\",\"description\":\"\",\"publisher\":{\"@id\":\"https:\\\/\\\/www.fdd-cf.com\\\/#organization\"},\"potentialAction\":[{\"@type\":\"SearchAction\",\"target\":{\"@type\":\"EntryPoint\",\"urlTemplate\":\"https:\\\/\\\/www.fdd-cf.com\\\/?s={search_term_string}\"},\"query-input\":{\"@type\":\"PropertyValueSpecification\",\"valueRequired\":true,\"valueName\":\"search_term_string\"}}],\"inLanguage\":\"en-US\"},{\"@type\":\"Organization\",\"@id\":\"https:\\\/\\\/www.fdd-cf.com\\\/#organization\",\"name\":\"Fonds de dotation Compagnie Fruiti\u00e8re\",\"url\":\"https:\\\/\\\/www.fdd-cf.com\\\/\",\"logo\":{\"@type\":\"ImageObject\",\"inLanguage\":\"en-US\",\"@id\":\"https:\\\/\\\/www.fdd-cf.com\\\/#\\\/schema\\\/logo\\\/image\\\/\",\"url\":\"https:\\\/\\\/www.fdd-cf.com\\\/wp-content\\\/uploads\\\/2023\\\/03\\\/FDDCF-logo-en-simple.svg\",\"contentUrl\":\"https:\\\/\\\/www.fdd-cf.com\\\/wp-content\\\/uploads\\\/2023\\\/03\\\/FDDCF-logo-en-simple.svg\",\"caption\":\"Fonds de dotation Compagnie Fruiti\u00e8re\"},\"image\":{\"@id\":\"https:\\\/\\\/www.fdd-cf.com\\\/#\\\/schema\\\/logo\\\/image\\\/\"}},{\"@type\":\"Person\",\"@id\":\"https:\\\/\\\/www.fdd-cf.com\\\/#\\\/schema\\\/person\\\/625b83edcf39371179e6898be006ce74\",\"name\":\"root_EXOCOD\",\"url\":\"https:\\\/\\\/www.fdd-cf.com\\\/en\\\/author\\\/root_exocod\\\/\"}]}<\/script>\n<!-- \/ Yoast SEO plugin. -->","yoast_head_json":{"title":"Launch of artist Maya In\u00e8s Touam's residency in Senegal - Fonds de dotation Compagnie Fruiti\u00e8re","robots":{"index":"index","follow":"follow","max-snippet":"max-snippet:-1","max-image-preview":"max-image-preview:large","max-video-preview":"max-video-preview:-1"},"canonical":"https:\/\/www.fdd-cf.com\/lancement-de-la-residence-de-lartiste-maya-ines-touam-au-senegal\/","og_locale":"en_US","og_type":"article","og_title":"Launch of artist Maya In\u00e8s Touam's residency in Senegal - Fonds de dotation Compagnie Fruiti\u00e8re","og_description":"The Compagnie Fruiti\u00e8re Foundation is supporting a new artist residency project. In 2024, photographer Maya In\u00e8s Touam will travel twice from Paris to Saint Louis where Compagnie Fruiti\u00e8re operates Grands Domaines du S\u00e9n\u00e9gal. This production residency is managed by the Marseille-based association Versant Sud.","og_url":"https:\/\/www.fdd-cf.com\/lancement-de-la-residence-de-lartiste-maya-ines-touam-au-senegal\/","og_site_name":"Fonds de dotation Compagnie Fruiti\u00e8re","article_published_time":"2024-05-31T12:18:10+00:00","article_modified_time":"2024-05-31T12:26:02+00:00","og_image":[{"width":1000,"height":667,"url":"https:\/\/www.fdd-cf.com\/wp-content\/uploads\/2024\/05\/MAYA_TOUAM_Residence_Jardin_Rouge.jpg","type":"image\/jpeg"}],"author":"root_EXOCOD","twitter_card":"summary_large_image","twitter_misc":{"Written by":"root_EXOCOD","Est. reading time":"1 minute"},"schema":{"@context":"https:\/\/schema.org","@graph":[{"@type":"Article","@id":"https:\/\/www.fdd-cf.com\/lancement-de-la-residence-de-lartiste-maya-ines-touam-au-senegal\/#article","isPartOf":{"@id":"https:\/\/www.fdd-cf.com\/lancement-de-la-residence-de-lartiste-maya-ines-touam-au-senegal\/"},"author":{"name":"root_EXOCOD","@id":"https:\/\/www.fdd-cf.com\/#\/schema\/person\/625b83edcf39371179e6898be006ce74"},"headline":"Launch of artist Maya In\u00e8s Touam&#8217;s residency in Senegal","datePublished":"2024-05-31T12:18:10+00:00","dateModified":"2024-05-31T12:26:02+00:00","mainEntityOfPage":{"@id":"https:\/\/www.fdd-cf.com\/lancement-de-la-residence-de-lartiste-maya-ines-touam-au-senegal\/"},"wordCount":59,"publisher":{"@id":"https:\/\/www.fdd-cf.com\/#organization"},"image":{"@id":"https:\/\/www.fdd-cf.com\/lancement-de-la-residence-de-lartiste-maya-ines-touam-au-senegal\/#primaryimage"},"thumbnailUrl":"https:\/\/www.fdd-cf.com\/wp-content\/uploads\/2024\/05\/MAYA_TOUAM_Residence_Jardin_Rouge.jpg","inLanguage":"en-US"},{"@type":"WebPage","@id":"https:\/\/www.fdd-cf.com\/lancement-de-la-residence-de-lartiste-maya-ines-touam-au-senegal\/","url":"https:\/\/www.fdd-cf.com\/lancement-de-la-residence-de-lartiste-maya-ines-touam-au-senegal\/","name":"Launch of artist Maya In\u00e8s Touam's residency in Senegal - Fonds de dotation Compagnie Fruiti\u00e8re","isPartOf":{"@id":"https:\/\/www.fdd-cf.com\/#website"},"primaryImageOfPage":{"@id":"https:\/\/www.fdd-cf.com\/lancement-de-la-residence-de-lartiste-maya-ines-touam-au-senegal\/#primaryimage"},"image":{"@id":"https:\/\/www.fdd-cf.com\/lancement-de-la-residence-de-lartiste-maya-ines-touam-au-senegal\/#primaryimage"},"thumbnailUrl":"https:\/\/www.fdd-cf.com\/wp-content\/uploads\/2024\/05\/MAYA_TOUAM_Residence_Jardin_Rouge.jpg","datePublished":"2024-05-31T12:18:10+00:00","dateModified":"2024-05-31T12:26:02+00:00","breadcrumb":{"@id":"https:\/\/www.fdd-cf.com\/lancement-de-la-residence-de-lartiste-maya-ines-touam-au-senegal\/#breadcrumb"},"inLanguage":"en-US","potentialAction":[{"@type":"ReadAction","target":["https:\/\/www.fdd-cf.com\/lancement-de-la-residence-de-lartiste-maya-ines-touam-au-senegal\/"]}]},{"@type":"ImageObject","inLanguage":"en-US","@id":"https:\/\/www.fdd-cf.com\/lancement-de-la-residence-de-lartiste-maya-ines-touam-au-senegal\/#primaryimage","url":"https:\/\/www.fdd-cf.com\/wp-content\/uploads\/2024\/05\/MAYA_TOUAM_Residence_Jardin_Rouge.jpg","contentUrl":"https:\/\/www.fdd-cf.com\/wp-content\/uploads\/2024\/05\/MAYA_TOUAM_Residence_Jardin_Rouge.jpg","width":1000,"height":667},{"@type":"BreadcrumbList","@id":"https:\/\/www.fdd-cf.com\/lancement-de-la-residence-de-lartiste-maya-ines-touam-au-senegal\/#breadcrumb","itemListElement":[{"@type":"ListItem","position":1,"name":"Accueil","item":"https:\/\/www.fdd-cf.com\/en\/"},{"@type":"ListItem","position":2,"name":"Launch of artist Maya In\u00e8s Touam&rsquo;s residency in Senegal"}]},{"@type":"WebSite","@id":"https:\/\/www.fdd-cf.com\/#website","url":"https:\/\/www.fdd-cf.com\/","name":"Fonds de dotation Compagnie Fruiti\u00e8re","description":"","publisher":{"@id":"https:\/\/www.fdd-cf.com\/#organization"},"potentialAction":[{"@type":"SearchAction","target":{"@type":"EntryPoint","urlTemplate":"https:\/\/www.fdd-cf.com\/?s={search_term_string}"},"query-input":{"@type":"PropertyValueSpecification","valueRequired":true,"valueName":"search_term_string"}}],"inLanguage":"en-US"},{"@type":"Organization","@id":"https:\/\/www.fdd-cf.com\/#organization","name":"Fonds de dotation Compagnie Fruiti\u00e8re","url":"https:\/\/www.fdd-cf.com\/","logo":{"@type":"ImageObject","inLanguage":"en-US","@id":"https:\/\/www.fdd-cf.com\/#\/schema\/logo\/image\/","url":"https:\/\/www.fdd-cf.com\/wp-content\/uploads\/2023\/03\/FDDCF-logo-en-simple.svg","contentUrl":"https:\/\/www.fdd-cf.com\/wp-content\/uploads\/2023\/03\/FDDCF-logo-en-simple.svg","caption":"Fonds de dotation Compagnie Fruiti\u00e8re"},"image":{"@id":"https:\/\/www.fdd-cf.com\/#\/schema\/logo\/image\/"}},{"@type":"Person","@id":"https:\/\/www.fdd-cf.com\/#\/schema\/person\/625b83edcf39371179e6898be006ce74","name":"root_EXOCOD","url":"https:\/\/www.fdd-cf.com\/en\/author\/root_exocod\/"}]}},"_links":{"self":[{"href":"https:\/\/www.fdd-cf.com\/en\/wp-json\/wp\/v2\/posts\/2041","targetHints":{"allow":["GET"]}}],"collection":[{"href":"https:\/\/www.fdd-cf.com\/en\/wp-json\/wp\/v2\/posts"}],"about":[{"href":"https:\/\/www.fdd-cf.com\/en\/wp-json\/wp\/v2\/types\/post"}],"author":[{"embeddable":true,"href":"https:\/\/www.fdd-cf.com\/en\/wp-json\/wp\/v2\/users\/4"}],"replies":[{"embeddable":true,"href":"https:\/\/www.fdd-cf.com\/en\/wp-json\/wp\/v2\/comments?post=2041"}],"version-history":[{"count":2,"href":"https:\/\/www.fdd-cf.com\/en\/wp-json\/wp\/v2\/posts\/2041\/revisions"}],"predecessor-version":[{"id":2050,"href":"https:\/\/www.fdd-cf.com\/en\/wp-json\/wp\/v2\/posts\/2041\/revisions\/2050"}],"wp:featuredmedia":[{"embeddable":true,"href":"https:\/\/www.fdd-cf.com\/en\/wp-json\/wp\/v2\/media\/2037"}],"wp:attachment":[{"href":"https:\/\/www.fdd-cf.com\/en\/wp-json\/wp\/v2\/media?parent=2041"}],"wp:term":[{"taxonomy":"category","embeddable":true,"href":"https:\/\/www.fdd-cf.com\/en\/wp-json\/wp\/v2\/categories?post=2041"},{"taxonomy":"post_tag","embeddable":true,"href":"https:\/\/www.fdd-cf.com\/en\/wp-json\/wp\/v2\/tags?post=2041"}],"curies":[{"name":"wp","href":"https:\/\/api.w.org\/{rel}","templated":true}]}}